{"id":18212,"date":"2025-10-01T08:43:27","date_gmt":"2025-10-01T11:43:27","guid":{"rendered":"https:\/\/www.tpower.com.br\/site\/?p=18212"},"modified":"2025-10-01T08:43:27","modified_gmt":"2025-10-01T11:43:27","slug":"paroquia-nossa-senhora-do-carmo-realiza-novena-em-louvor-a-nossa-senhora-aparecida","status":"publish","type":"post","link":"https:\/\/www.tpower.com.br\/site\/paroquia-nossa-senhora-do-carmo-realiza-novena-em-louvor-a-nossa-senhora-aparecida\/","title":{"rendered":"Par\u00f3quia Nossa Senhora do Carmo realiza novena em louvor \u00e0 Nossa Senhora Aparecida"},"content":{"rendered":"<p>&nbsp;<\/p>\n<p>A Par\u00f3quia Nossa Senhora do Carmo promove, de 3 a 11 de outubro, a tradicional Novena em Louvor \u00e0 Nossa Senhora Aparecida, na Capela dedicada \u00e0 Padroeira do Brasil. As celebra\u00e7\u00f5es incluem missas campais, momentos de ora\u00e7\u00e3o e programa\u00e7\u00e3o especial nas comunidades.<\/p>\n<p>Todos os dias, os fi\u00e9is s\u00e3o convidados a participar da Ora\u00e7\u00e3o do Ter\u00e7o Mariano, \u00e0s 18h30, seguida de Missa Campal e Novena \u00e0s 19h. A cada dia da programa\u00e7\u00e3o, diferentes comunidades recebem missas, ampliando a participa\u00e7\u00e3o dos devotos.<\/p>\n<p>No domingo, 5 de outubro, por exemplo, haver\u00e1 missas na Matriz \u00e0s 7h30 e 19h, na Capela S\u00e3o Marcos \u00e0s 9h e na Capela S\u00e3o Jos\u00e9 \u00e0s 17h, al\u00e9m da celebra\u00e7\u00e3o campal na Capela Aparecida \u00e0s 15h.<\/p>\n<p>O ponto alto das comemora\u00e7\u00f5es ser\u00e1 no dia 12 de outubro, quando a Igreja celebra Nossa Senhora Aparecida, Padroeira do Brasil. Neste dia, haver\u00e1 ora\u00e7\u00e3o do ter\u00e7o \u00e0s 7h, missa campal na Capela Aparecida \u00e0s 7h30, missa na Capela S\u00e3o Jos\u00e9 \u00e0s 17h e, \u00e0s 19h, missa na Matriz.<\/p>\n<p>A par\u00f3quia informou que no dia 12 n\u00e3o haver\u00e1 missa na Matriz \u00e0s 7h30, nem na Capela S\u00e3o Marcos \u00e0s 9h.<\/p>\n","protected":false},"excerpt":{"rendered":"<p>&nbsp; A Par\u00f3quia Nossa Senhora do Carmo promove, de 3 a 11 de outubro, a tradicional Novena em Louvor \u00e0 Nossa Senhora Aparecida, na Capela dedicada \u00e0 Padroeira do Brasil. As celebra\u00e7\u00f5es incluem missas campais, momentos de ora\u00e7\u00e3o e programa\u00e7\u00e3o especial nas comunidades. Todos os dias, os fi\u00e9is s\u00e3o convidados a participar da Ora\u00e7\u00e3o do [&hellip;]<\/p>\n","protected":false},"author":1,"featured_media":18214,"comment_status":"closed","ping_status":"open","sticky":false,"template":"","format":"standard","meta":{"footnotes":""},"categories":[56],"tags":[112],"_links":{"self":[{"href":"https:\/\/www.tpower.com.br\/site\/wp-json\/wp\/v2\/posts\/18212"}],"collection":[{"href":"https:\/\/www.tpower.com.br\/site\/wp-json\/wp\/v2\/posts"}],"about":[{"href":"https:\/\/www.tpower.com.br\/site\/wp-json\/wp\/v2\/types\/post"}],"author":[{"embeddable":true,"href":"https:\/\/www.tpower.com.br\/site\/wp-json\/wp\/v2\/users\/1"}],"replies":[{"embeddable":true,"href":"https:\/\/www.tpower.com.br\/site\/wp-json\/wp\/v2\/comments?post=18212"}],"version-history":[{"count":1,"href":"https:\/\/www.tpower.com.br\/site\/wp-json\/wp\/v2\/posts\/18212\/revisions"}],"predecessor-version":[{"id":18215,"href":"https:\/\/www.tpower.com.br\/site\/wp-json\/wp\/v2\/posts\/18212\/revisions\/18215"}],"wp:featuredmedia":[{"embeddable":true,"href":"https:\/\/www.tpower.com.br\/site\/wp-json\/wp\/v2\/media\/18214"}],"wp:attachment":[{"href":"https:\/\/www.tpower.com.br\/site\/wp-json\/wp\/v2\/media?parent=18212"}],"wp:term":[{"taxonomy":"category","embeddable":true,"href":"https:\/\/www.tpower.com.br\/site\/wp-json\/wp\/v2\/categories?post=18212"},{"taxonomy":"post_tag","embeddable":true,"href":"https:\/\/www.tpower.com.br\/site\/wp-json\/wp\/v2\/tags?post=18212"}],"curies":[{"name":"wp","href":"https:\/\/api.w.org\/{rel}","templated":true}]}}