{"id":18220,"date":"2025-10-01T08:47:09","date_gmt":"2025-10-01T11:47:09","guid":{"rendered":"https:\/\/www.tpower.com.br\/site\/?p=18220"},"modified":"2025-10-01T08:47:09","modified_gmt":"2025-10-01T11:47:09","slug":"cadastramento-para-educacao-infantil-2026-comeca-nesta-quarta-feira-1-em-paraguacu","status":"publish","type":"post","link":"https:\/\/www.tpower.com.br\/site\/cadastramento-para-educacao-infantil-2026-comeca-nesta-quarta-feira-1-em-paraguacu\/","title":{"rendered":"Cadastramento para educa\u00e7\u00e3o infantil 2026 come\u00e7a nesta quarta-feira (1) em Paragua\u00e7u"},"content":{"rendered":"<p>A Prefeitura de Paragua\u00e7u, por meio da Secretaria Municipal de Educa\u00e7\u00e3o, informa que o cadastramento para a Educa\u00e7\u00e3o Infantil da Rede Municipal de Ensino \u2013 ano letivo de 2026 \u2013 ter\u00e1 in\u00edcio nesta quarta-feira (1\u00ba) e seguir\u00e1 at\u00e9 31 de outubro de 2025.<\/p>\n<p>O cadastro \u00e9 voltado para crian\u00e7as em idade de creche e pr\u00e9-escola e tem como objetivo levantar a demanda de novos alunos para as escolas da Rede Municipal de Ensino e para o Centro Educacional Casa da Crian\u00e7a Santa Terezinha. As etapas de ensino dispon\u00edveis s\u00e3o: Ber\u00e7\u00e1rio, Maternal 1, Maternal 2, Maternal 3, 1\u00ba Per\u00edodo (4 anos) e 2\u00ba Per\u00edodo (5 anos).<\/p>\n<p>O cadastramento \u00e9 exclusivo online, considerado f\u00e1cil e r\u00e1pido, e fundamental para o planejamento das vagas nas unidades de ensino. O formul\u00e1rio pode ser acessado neste link: https:\/\/forms.gle\/4Y5MxnvTqpsvJcGf9.<\/p>\n<p>Pais ou respons\u00e1veis que tiverem d\u00favidas podem procurar a escola municipal mais pr\u00f3xima de sua resid\u00eancia, no hor\u00e1rio das 7h30 \u00e0s 17h, para receber orienta\u00e7\u00f5es.<\/p>\n<p>tpower &#8211; @portaltpower<br \/>\nConectado na not\u00edcia!<\/p>\n","protected":false},"excerpt":{"rendered":"<p>A Prefeitura de Paragua\u00e7u, por meio da Secretaria Municipal de Educa\u00e7\u00e3o, informa que o cadastramento para a Educa\u00e7\u00e3o Infantil da Rede Municipal de Ensino \u2013 ano letivo de 2026 \u2013 ter\u00e1 in\u00edcio nesta quarta-feira (1\u00ba) e seguir\u00e1 at\u00e9 31 de outubro de 2025. O cadastro \u00e9 voltado para crian\u00e7as em idade de creche e pr\u00e9-escola [&hellip;]<\/p>\n","protected":false},"author":1,"featured_media":18221,"comment_status":"closed","ping_status":"open","sticky":false,"template":"","format":"standard","meta":{"footnotes":""},"categories":[56],"tags":[138],"_links":{"self":[{"href":"https:\/\/www.tpower.com.br\/site\/wp-json\/wp\/v2\/posts\/18220"}],"collection":[{"href":"https:\/\/www.tpower.com.br\/site\/wp-json\/wp\/v2\/posts"}],"about":[{"href":"https:\/\/www.tpower.com.br\/site\/wp-json\/wp\/v2\/types\/post"}],"author":[{"embeddable":true,"href":"https:\/\/www.tpower.com.br\/site\/wp-json\/wp\/v2\/users\/1"}],"replies":[{"embeddable":true,"href":"https:\/\/www.tpower.com.br\/site\/wp-json\/wp\/v2\/comments?post=18220"}],"version-history":[{"count":1,"href":"https:\/\/www.tpower.com.br\/site\/wp-json\/wp\/v2\/posts\/18220\/revisions"}],"predecessor-version":[{"id":18222,"href":"https:\/\/www.tpower.com.br\/site\/wp-json\/wp\/v2\/posts\/18220\/revisions\/18222"}],"wp:featuredmedia":[{"embeddable":true,"href":"https:\/\/www.tpower.com.br\/site\/wp-json\/wp\/v2\/media\/18221"}],"wp:attachment":[{"href":"https:\/\/www.tpower.com.br\/site\/wp-json\/wp\/v2\/media?parent=18220"}],"wp:term":[{"taxonomy":"category","embeddable":true,"href":"https:\/\/www.tpower.com.br\/site\/wp-json\/wp\/v2\/categories?post=18220"},{"taxonomy":"post_tag","embeddable":true,"href":"https:\/\/www.tpower.com.br\/site\/wp-json\/wp\/v2\/tags?post=18220"}],"curies":[{"name":"wp","href":"https:\/\/api.w.org\/{rel}","templated":true}]}}