{"id":20790,"date":"2026-03-11T09:27:33","date_gmt":"2026-03-11T12:27:33","guid":{"rendered":"https:\/\/www.tpower.com.br\/site\/?p=20790"},"modified":"2026-03-11T09:27:33","modified_gmt":"2026-03-11T12:27:33","slug":"faleceu-aos-72-anos-conceicao-aparecida-reis-goncalves","status":"publish","type":"post","link":"https:\/\/www.tpower.com.br\/site\/faleceu-aos-72-anos-conceicao-aparecida-reis-goncalves\/","title":{"rendered":"Faleceu aos 72 anos Concei\u00e7\u00e3o Aparecida Reis Gon\u00e7alves"},"content":{"rendered":"<p>Faleceu aos 72 anos Concei\u00e7\u00e3o Aparecida Reis Gon\u00e7alves. O sepultamento ser\u00e1 realizado nesta quarta-feira (11), em Paragua\u00e7u, \u00e0s 15h, saindo o f\u00e9retro do Vel\u00f3rio Municipal de Paragua\u00e7u, onde o corpo ser\u00e1 velado a partir das 13h.<\/p>\n<p>tpower &#8211; @portaltpower<br \/>\nConectado na not\u00edcia!<\/p>\n","protected":false},"excerpt":{"rendered":"<p>Faleceu aos 72 anos Concei\u00e7\u00e3o Aparecida Reis Gon\u00e7alves. O sepultamento ser\u00e1 realizado nesta quarta-feira (11), em Paragua\u00e7u, \u00e0s 15h, saindo o f\u00e9retro do Vel\u00f3rio Municipal de Paragua\u00e7u, onde o corpo ser\u00e1 velado a partir das 13h. tpower &#8211; @portaltpower Conectado na not\u00edcia!<\/p>\n","protected":false},"author":1,"featured_media":20791,"comment_status":"closed","ping_status":"open","sticky":false,"template":"","format":"standard","meta":{"footnotes":""},"categories":[500,56],"tags":[],"_links":{"self":[{"href":"https:\/\/www.tpower.com.br\/site\/wp-json\/wp\/v2\/posts\/20790"}],"collection":[{"href":"https:\/\/www.tpower.com.br\/site\/wp-json\/wp\/v2\/posts"}],"about":[{"href":"https:\/\/www.tpower.com.br\/site\/wp-json\/wp\/v2\/types\/post"}],"author":[{"embeddable":true,"href":"https:\/\/www.tpower.com.br\/site\/wp-json\/wp\/v2\/users\/1"}],"replies":[{"embeddable":true,"href":"https:\/\/www.tpower.com.br\/site\/wp-json\/wp\/v2\/comments?post=20790"}],"version-history":[{"count":1,"href":"https:\/\/www.tpower.com.br\/site\/wp-json\/wp\/v2\/posts\/20790\/revisions"}],"predecessor-version":[{"id":20792,"href":"https:\/\/www.tpower.com.br\/site\/wp-json\/wp\/v2\/posts\/20790\/revisions\/20792"}],"wp:featuredmedia":[{"embeddable":true,"href":"https:\/\/www.tpower.com.br\/site\/wp-json\/wp\/v2\/media\/20791"}],"wp:attachment":[{"href":"https:\/\/www.tpower.com.br\/site\/wp-json\/wp\/v2\/media?parent=20790"}],"wp:term":[{"taxonomy":"category","embeddable":true,"href":"https:\/\/www.tpower.com.br\/site\/wp-json\/wp\/v2\/categories?post=20790"},{"taxonomy":"post_tag","embeddable":true,"href":"https:\/\/www.tpower.com.br\/site\/wp-json\/wp\/v2\/tags?post=20790"}],"curies":[{"name":"wp","href":"https:\/\/api.w.org\/{rel}","templated":true}]}}