{"id":21412,"date":"2026-04-22T22:24:27","date_gmt":"2026-04-23T01:24:27","guid":{"rendered":"https:\/\/www.tpower.com.br\/site\/?p=21412"},"modified":"2026-04-22T22:24:27","modified_gmt":"2026-04-23T01:24:27","slug":"contagem-regressiva-faltam-8-dias-para-festa-do-trabalhador-em-paraguacu-com-show-do-turma-do-pagode","status":"publish","type":"post","link":"https:\/\/www.tpower.com.br\/site\/contagem-regressiva-faltam-8-dias-para-festa-do-trabalhador-em-paraguacu-com-show-do-turma-do-pagode\/","title":{"rendered":"Contagem regressiva: faltam 8 dias para festa do trabalhador em Paragua\u00e7u com show do Turma do Pagode"},"content":{"rendered":"<p>Paragua\u00e7u j\u00e1 vive o clima de expectativa para a Festa do Trabalhador 2026, que chega \u00e0 sua 5\u00aa edi\u00e7\u00e3o. Faltam 8 dias para o evento, e a organiza\u00e7\u00e3o refor\u00e7a o convite \u00e0 popula\u00e7\u00e3o para participar da celebra\u00e7\u00e3o que homenageia os trabalhadores do munic\u00edpio.<\/p>\n<p>A programa\u00e7\u00e3o est\u00e1 marcada para o dia 30 de abril, v\u00e9spera de feriado, no Parque de Exposi\u00e7\u00f5es. A principal atra\u00e7\u00e3o ser\u00e1 o grupo Turma do Pagode, que promete animar o p\u00fablico com seus sucessos em uma noite voltada \u00e0 m\u00fasica e \u00e0 confraterniza\u00e7\u00e3o.<\/p>\n<p>De acordo com a organiza\u00e7\u00e3o, a entrada ser\u00e1 gratuita e o evento \u00e9 aberto para toda a fam\u00edlia, com foco na valoriza\u00e7\u00e3o dos trabalhadores e no fortalecimento do sentimento de comunidade.<\/p>\n<p>A realiza\u00e7\u00e3o \u00e9 da Secretaria de Cultura (Secult) em parceria com a Prefeitura de Paragua\u00e7u.<\/p>\n<p>tpower &#8211; @portaltpower<br \/>\nConectado na not\u00edcia!<\/p>\n","protected":false},"excerpt":{"rendered":"<p>Paragua\u00e7u j\u00e1 vive o clima de expectativa para a Festa do Trabalhador 2026, que chega \u00e0 sua 5\u00aa edi\u00e7\u00e3o. Faltam 8 dias para o evento, e a organiza\u00e7\u00e3o refor\u00e7a o convite \u00e0 popula\u00e7\u00e3o para participar da celebra\u00e7\u00e3o que homenageia os trabalhadores do munic\u00edpio. A programa\u00e7\u00e3o est\u00e1 marcada para o dia 30 de abril, v\u00e9spera de [&hellip;]<\/p>\n","protected":false},"author":1,"featured_media":21413,"comment_status":"closed","ping_status":"open","sticky":false,"template":"","format":"standard","meta":{"footnotes":""},"categories":[56],"tags":[],"_links":{"self":[{"href":"https:\/\/www.tpower.com.br\/site\/wp-json\/wp\/v2\/posts\/21412"}],"collection":[{"href":"https:\/\/www.tpower.com.br\/site\/wp-json\/wp\/v2\/posts"}],"about":[{"href":"https:\/\/www.tpower.com.br\/site\/wp-json\/wp\/v2\/types\/post"}],"author":[{"embeddable":true,"href":"https:\/\/www.tpower.com.br\/site\/wp-json\/wp\/v2\/users\/1"}],"replies":[{"embeddable":true,"href":"https:\/\/www.tpower.com.br\/site\/wp-json\/wp\/v2\/comments?post=21412"}],"version-history":[{"count":1,"href":"https:\/\/www.tpower.com.br\/site\/wp-json\/wp\/v2\/posts\/21412\/revisions"}],"predecessor-version":[{"id":21414,"href":"https:\/\/www.tpower.com.br\/site\/wp-json\/wp\/v2\/posts\/21412\/revisions\/21414"}],"wp:featuredmedia":[{"embeddable":true,"href":"https:\/\/www.tpower.com.br\/site\/wp-json\/wp\/v2\/media\/21413"}],"wp:attachment":[{"href":"https:\/\/www.tpower.com.br\/site\/wp-json\/wp\/v2\/media?parent=21412"}],"wp:term":[{"taxonomy":"category","embeddable":true,"href":"https:\/\/www.tpower.com.br\/site\/wp-json\/wp\/v2\/categories?post=21412"},{"taxonomy":"post_tag","embeddable":true,"href":"https:\/\/www.tpower.com.br\/site\/wp-json\/wp\/v2\/tags?post=21412"}],"curies":[{"name":"wp","href":"https:\/\/api.w.org\/{rel}","templated":true}]}}