{"id":21418,"date":"2026-04-23T16:56:39","date_gmt":"2026-04-23T19:56:39","guid":{"rendered":"https:\/\/www.tpower.com.br\/site\/?p=21418"},"modified":"2026-04-23T16:56:39","modified_gmt":"2026-04-23T19:56:39","slug":"atleta-de-eloi-mendes-e-aprovada-em-testes-e-passara-a-integrar-equipe-de-atletismo-do-cruzeiro","status":"publish","type":"post","link":"https:\/\/www.tpower.com.br\/site\/atleta-de-eloi-mendes-e-aprovada-em-testes-e-passara-a-integrar-equipe-de-atletismo-do-cruzeiro\/","title":{"rendered":"Atleta de El\u00f3i Mendes \u00e9 aprovada em testes e passar\u00e1 a integrar equipe de atletismo do Cruzeiro"},"content":{"rendered":"<p>A atleta Adrienne Barreto da Silva, 19 anos, de El\u00f3i Mendes, foi aprovada nos testes realizados pelo Cruzeiro e passar\u00e1 a integrar a equipe de atletismo do clube de Belo Horizonte. A confirma\u00e7\u00e3o foi divulgada nesta quinta-feira (23), por meio de um v\u00eddeo publicado nas redes sociais da atleta e tamb\u00e9m do prefeito Natal Cadorini, ao lado do ex-presidente do clube e deputado federal S\u00e9rgio Santos Rodrigues.<\/p>\n<p>Os testes aconteceram no dia 28 de mar\u00e7o, durante um per\u00edodo de avalia\u00e7\u00e3o no Centro de Treinamento Esportivo da UFMG e tamb\u00e9m em atividades ligadas ao Cruzeiro Esporte Clube.<\/p>\n<p>Ao longo da trajet\u00f3ria, a atleta j\u00e1 soma cerca de 48 p\u00f3dios em competi\u00e7\u00f5es, consolidando um hist\u00f3rico de destaque na modalidade. A apresenta\u00e7\u00e3o oficial junto \u00e0 equipe est\u00e1 prevista para o dia 04 de maio.<\/p>\n<p>\ud83d\udcac Boa sorte, @adrienne.runner<\/p>\n<p>tpower &#8211; @portaltpower<br \/>\nConectado na not\u00edcia!<\/p>\n<p>#eloimendes #atletismo #cruzeiro #esporte #minasgerais<\/p>\n","protected":false},"excerpt":{"rendered":"<p>A atleta Adrienne Barreto da Silva, 19 anos, de El\u00f3i Mendes, foi aprovada nos testes realizados pelo Cruzeiro e passar\u00e1 a integrar a equipe de atletismo do clube de Belo Horizonte. A confirma\u00e7\u00e3o foi divulgada nesta quinta-feira (23), por meio de um v\u00eddeo publicado nas redes sociais da atleta e tamb\u00e9m do prefeito Natal Cadorini, [&hellip;]<\/p>\n","protected":false},"author":1,"featured_media":21419,"comment_status":"closed","ping_status":"open","sticky":false,"template":"","format":"standard","meta":{"footnotes":""},"categories":[47],"tags":[507,87],"_links":{"self":[{"href":"https:\/\/www.tpower.com.br\/site\/wp-json\/wp\/v2\/posts\/21418"}],"collection":[{"href":"https:\/\/www.tpower.com.br\/site\/wp-json\/wp\/v2\/posts"}],"about":[{"href":"https:\/\/www.tpower.com.br\/site\/wp-json\/wp\/v2\/types\/post"}],"author":[{"embeddable":true,"href":"https:\/\/www.tpower.com.br\/site\/wp-json\/wp\/v2\/users\/1"}],"replies":[{"embeddable":true,"href":"https:\/\/www.tpower.com.br\/site\/wp-json\/wp\/v2\/comments?post=21418"}],"version-history":[{"count":1,"href":"https:\/\/www.tpower.com.br\/site\/wp-json\/wp\/v2\/posts\/21418\/revisions"}],"predecessor-version":[{"id":21420,"href":"https:\/\/www.tpower.com.br\/site\/wp-json\/wp\/v2\/posts\/21418\/revisions\/21420"}],"wp:featuredmedia":[{"embeddable":true,"href":"https:\/\/www.tpower.com.br\/site\/wp-json\/wp\/v2\/media\/21419"}],"wp:attachment":[{"href":"https:\/\/www.tpower.com.br\/site\/wp-json\/wp\/v2\/media?parent=21418"}],"wp:term":[{"taxonomy":"category","embeddable":true,"href":"https:\/\/www.tpower.com.br\/site\/wp-json\/wp\/v2\/categories?post=21418"},{"taxonomy":"post_tag","embeddable":true,"href":"https:\/\/www.tpower.com.br\/site\/wp-json\/wp\/v2\/tags?post=21418"}],"curies":[{"name":"wp","href":"https:\/\/api.w.org\/{rel}","templated":true}]}}