{"id":21441,"date":"2026-04-24T18:13:37","date_gmt":"2026-04-24T21:13:37","guid":{"rendered":"https:\/\/www.tpower.com.br\/site\/?p=21441"},"modified":"2026-04-24T18:13:37","modified_gmt":"2026-04-24T21:13:37","slug":"mae-pede-oracoes-apos-filhos-serem-atropelados-em-pouso-alegre-veiculo-foi-incendiado","status":"publish","type":"post","link":"https:\/\/www.tpower.com.br\/site\/mae-pede-oracoes-apos-filhos-serem-atropelados-em-pouso-alegre-veiculo-foi-incendiado\/","title":{"rendered":"M\u00e3e pede ora\u00e7\u00f5es ap\u00f3s filhos serem atropelados em Pouso Alegre; ve\u00edculo foi incendiado"},"content":{"rendered":"<p>A m\u00e3e das crian\u00e7as atropeladas na Rua Tr\u00eas Cora\u00e7\u00f5es, no bairro S\u00e3o Jo\u00e3o, em Pouso Alegre, afirmou que a filha, de 12 anos, est\u00e1 fora de perigo. J\u00e1 o menino, de 4 anos, segue em estado grave e permanece internado na Unidade de Terapia Intensiva (UTI).<\/p>\n<p>Em um v\u00eddeo divulgado ap\u00f3s o ocorrido, a m\u00e3e aparece emocionada e faz um apelo por ora\u00e7\u00f5es pela recupera\u00e7\u00e3o do filho. Chorando, ela pede uni\u00e3o e f\u00e9 diante do momento delicado enfrentado pela fam\u00edlia.<\/p>\n<p>\u201cEu t\u00f4 passando aqui para pedir ora\u00e7\u00e3o. A b\u00edblia fala que onde estiver um ou dois, Ele est\u00e1 presente. E eu vim pedir ora\u00e7\u00e3o. Meus filhos acabaram de ser atropelados. Eu acho que agora \u00e9 hora da gente se unir em ora\u00e7\u00e3o, porque Deus tem o controle de todas as coisas. Ent\u00e3o gente, por favor, eu pe\u00e7o pra voc\u00eas, entrar numa corrente de ora\u00e7\u00e3o junto comigo, porque s\u00f3 Deus\u201d, disse.<\/p>\n<p>O caso<\/p>\n<p>O atropelamento ocorreu por volta das 7h30, na Rua Tr\u00eas Cora\u00e7\u00f5es. Segundo a Pol\u00edcia Militar, a adolescente de 12 anos est\u00e1 em estado est\u00e1vel, enquanto o menino, de 4 anos, permanece em estado grave, com v\u00e1rios ferimentos e sob cuidados intensivos. Revoltados, populares atearam fogo no ve\u00edculo envolvido no acidente. O condutor, um idoso de 63 anos, deixou o local, mas posteriormente entrou em contato com a pol\u00edcia em sua resid\u00eancia. Ele afirmou que perdeu o controle da dire\u00e7\u00e3o ap\u00f3s ter a vis\u00e3o ofuscada pelo sol e disse que saiu para preservar sua integridade f\u00edsica, ap\u00f3s ser agredido por pessoas que estavam pr\u00f3ximas ao local.<\/p>\n<p>tpower &#8211; @portaltpower<br \/>\nConectado na not\u00edcia!<\/p>\n","protected":false},"excerpt":{"rendered":"<p>A m\u00e3e das crian\u00e7as atropeladas na Rua Tr\u00eas Cora\u00e7\u00f5es, no bairro S\u00e3o Jo\u00e3o, em Pouso Alegre, afirmou que a filha, de 12 anos, est\u00e1 fora de perigo. J\u00e1 o menino, de 4 anos, segue em estado grave e permanece internado na Unidade de Terapia Intensiva (UTI). Em um v\u00eddeo divulgado ap\u00f3s o ocorrido, a m\u00e3e [&hellip;]<\/p>\n","protected":false},"author":1,"featured_media":21442,"comment_status":"closed","ping_status":"open","sticky":false,"template":"","format":"standard","meta":{"footnotes":""},"categories":[47],"tags":[307],"_links":{"self":[{"href":"https:\/\/www.tpower.com.br\/site\/wp-json\/wp\/v2\/posts\/21441"}],"collection":[{"href":"https:\/\/www.tpower.com.br\/site\/wp-json\/wp\/v2\/posts"}],"about":[{"href":"https:\/\/www.tpower.com.br\/site\/wp-json\/wp\/v2\/types\/post"}],"author":[{"embeddable":true,"href":"https:\/\/www.tpower.com.br\/site\/wp-json\/wp\/v2\/users\/1"}],"replies":[{"embeddable":true,"href":"https:\/\/www.tpower.com.br\/site\/wp-json\/wp\/v2\/comments?post=21441"}],"version-history":[{"count":1,"href":"https:\/\/www.tpower.com.br\/site\/wp-json\/wp\/v2\/posts\/21441\/revisions"}],"predecessor-version":[{"id":21443,"href":"https:\/\/www.tpower.com.br\/site\/wp-json\/wp\/v2\/posts\/21441\/revisions\/21443"}],"wp:featuredmedia":[{"embeddable":true,"href":"https:\/\/www.tpower.com.br\/site\/wp-json\/wp\/v2\/media\/21442"}],"wp:attachment":[{"href":"https:\/\/www.tpower.com.br\/site\/wp-json\/wp\/v2\/media?parent=21441"}],"wp:term":[{"taxonomy":"category","embeddable":true,"href":"https:\/\/www.tpower.com.br\/site\/wp-json\/wp\/v2\/categories?post=21441"},{"taxonomy":"post_tag","embeddable":true,"href":"https:\/\/www.tpower.com.br\/site\/wp-json\/wp\/v2\/tags?post=21441"}],"curies":[{"name":"wp","href":"https:\/\/api.w.org\/{rel}","templated":true}]}}