{"id":21453,"date":"2026-04-24T19:41:07","date_gmt":"2026-04-24T22:41:07","guid":{"rendered":"https:\/\/www.tpower.com.br\/site\/?p=21453"},"modified":"2026-04-24T19:41:07","modified_gmt":"2026-04-24T22:41:07","slug":"gustavo-tubarao-rebate-critica-de-gilmar-mendes-ao-sotaque-mineiro-e-diz-ter-se-sentido-ofendido","status":"publish","type":"post","link":"https:\/\/www.tpower.com.br\/site\/gustavo-tubarao-rebate-critica-de-gilmar-mendes-ao-sotaque-mineiro-e-diz-ter-se-sentido-ofendido\/","title":{"rendered":"Gustavo Tubar\u00e3o rebate cr\u00edtica de Gilmar Mendes ao sotaque mineiro e diz ter se sentido ofendido"},"content":{"rendered":"<p>Com mais de 29 milh\u00f5es de seguidores, o influenciador Gustavo Tubar\u00e3o saiu em defesa do sotaque mineiro ap\u00f3s declara\u00e7\u00f5es do ministro do STF Gilmar Mendes, que criticou o modo de falar do governador Romeu Zema. Sem citar diretamente o ministro, Tubar\u00e3o afirmou que se sentiu atingido pelas falas.<\/p>\n<p>Durante entrevistas, Gilmar Mendes disse que Zema \u201cfala um dialeto pr\u00f3ximo do portugu\u00eas, muitas vezes a gente n\u00e3o o entende\u201d. A declara\u00e7\u00e3o repercutiu nas redes sociais e motivou a resposta do influenciador, que relembrou experi\u00eancias pessoais. \u201cMuitas vezes, n\u00f3s, de Minas Gerais e do interior, somos taxados como burros. Mas j\u00e1 ouviu a express\u00e3o de que mineiro come quieto? Burro \u00e9 errado, talvez, o nosso jeito de andar e falar. N\u00f3s n\u00e3o somos burros n\u00e3o, voc\u00ea est\u00e1 errado\u201d, disse.<\/p>\n<p>Tubar\u00e3o tamb\u00e9m relatou epis\u00f3dios de preconceito que enfrentou ao longo da vida. \u201cEu sempre tive vergonha do meu sotaque, vergonha de onde eu vim. Eu sofria bullying, era chamado de \u2018jacu da ro\u00e7a\u2019. Foi dif\u00edcil\u201d, afirmou. Em outro trecho, refor\u00e7ou o orgulho das origens: \u201cO que faz o Brasil ser t\u00e3o diverso, bonito e rico \u00e9 a quantidade de culturas e sotaques diferentes. Cada um tem um tipo e ningu\u00e9m est\u00e1 errado. Eu tenho orgulho de dizer que sou caipira\u201d.<\/p>\n<p>A rea\u00e7\u00e3o tamb\u00e9m foi compartilhada por Romeu Zema, que criticou a fala do ministro. \u201cSe ele est\u00e1 criticando o meu sotaque, eu fico muito honrado e orgulhoso. Ele est\u00e1 criticando milh\u00f5es de mineiros que falam como eu\u201d, declarou.<\/p>\n<p>tpower &#8211; @portaltpower<br \/>\nConectado na not\u00edcia!<\/p>\n<p>&nbsp;<\/p>\n","protected":false},"excerpt":{"rendered":"<p>Com mais de 29 milh\u00f5es de seguidores, o influenciador Gustavo Tubar\u00e3o saiu em defesa do sotaque mineiro ap\u00f3s declara\u00e7\u00f5es do ministro do STF Gilmar Mendes, que criticou o modo de falar do governador Romeu Zema. Sem citar diretamente o ministro, Tubar\u00e3o afirmou que se sentiu atingido pelas falas. Durante entrevistas, Gilmar Mendes disse que Zema [&hellip;]<\/p>\n","protected":false},"author":1,"featured_media":21454,"comment_status":"closed","ping_status":"open","sticky":false,"template":"","format":"standard","meta":{"footnotes":""},"categories":[56],"tags":[],"_links":{"self":[{"href":"https:\/\/www.tpower.com.br\/site\/wp-json\/wp\/v2\/posts\/21453"}],"collection":[{"href":"https:\/\/www.tpower.com.br\/site\/wp-json\/wp\/v2\/posts"}],"about":[{"href":"https:\/\/www.tpower.com.br\/site\/wp-json\/wp\/v2\/types\/post"}],"author":[{"embeddable":true,"href":"https:\/\/www.tpower.com.br\/site\/wp-json\/wp\/v2\/users\/1"}],"replies":[{"embeddable":true,"href":"https:\/\/www.tpower.com.br\/site\/wp-json\/wp\/v2\/comments?post=21453"}],"version-history":[{"count":1,"href":"https:\/\/www.tpower.com.br\/site\/wp-json\/wp\/v2\/posts\/21453\/revisions"}],"predecessor-version":[{"id":21455,"href":"https:\/\/www.tpower.com.br\/site\/wp-json\/wp\/v2\/posts\/21453\/revisions\/21455"}],"wp:featuredmedia":[{"embeddable":true,"href":"https:\/\/www.tpower.com.br\/site\/wp-json\/wp\/v2\/media\/21454"}],"wp:attachment":[{"href":"https:\/\/www.tpower.com.br\/site\/wp-json\/wp\/v2\/media?parent=21453"}],"wp:term":[{"taxonomy":"category","embeddable":true,"href":"https:\/\/www.tpower.com.br\/site\/wp-json\/wp\/v2\/categories?post=21453"},{"taxonomy":"post_tag","embeddable":true,"href":"https:\/\/www.tpower.com.br\/site\/wp-json\/wp\/v2\/tags?post=21453"}],"curies":[{"name":"wp","href":"https:\/\/api.w.org\/{rel}","templated":true}]}}