{"id":21456,"date":"2026-04-25T09:31:58","date_gmt":"2026-04-25T12:31:58","guid":{"rendered":"https:\/\/www.tpower.com.br\/site\/?p=21456"},"modified":"2026-04-25T09:31:58","modified_gmt":"2026-04-25T12:31:58","slug":"faleceu-aos-53-anos-nilda-alves-netto","status":"publish","type":"post","link":"https:\/\/www.tpower.com.br\/site\/faleceu-aos-53-anos-nilda-alves-netto\/","title":{"rendered":"Faleceu aos 53 anos Nilda Alves Netto"},"content":{"rendered":"<p>Faleceu aos 53 anos Nilda Alves Netto, filha da Sra. In\u00eas do Mandaguari. O sepultamento ser\u00e1 realizado neste s\u00e1bado (25\/04), em Paragua\u00e7u (MG), \u00e0s 13h, saindo o f\u00e9retro do Vel\u00f3rio Municipal de Paragua\u00e7u (MG), onde o corpo ser\u00e1 velado a partir das 10h.<\/p>\n<p><a href=\"https:\/\/www.instagram.com\/thiutec?igsh=MXZ5eXU2ZHhmOWhrMA%3D%3D&amp;utm_source=qr\"><img fetchpriority=\"high\" decoding=\"async\" class=\"alignnone size-medium wp-image-21460 lazyload\" src=\"data:image\/gif;base64,R0lGODlhAQABAAAAACH5BAEKAAEALAAAAAABAAEAAAICTAEAOw==\" data-src=\"https:\/\/www.tpower.com.br\/site\/wp-content\/uploads\/2026\/04\/IMG_0358-533x234.jpeg\" alt=\"\" width=\"533\" height=\"234\" data-sizes=\"auto\" data-srcset=\"https:\/\/www.tpower.com.br\/site\/wp-content\/uploads\/2026\/04\/IMG_0358-533x234.jpeg 533w, https:\/\/www.tpower.com.br\/site\/wp-content\/uploads\/2026\/04\/IMG_0358-1080x474.jpeg 1080w, https:\/\/www.tpower.com.br\/site\/wp-content\/uploads\/2026\/04\/IMG_0358-768x337.jpeg 768w, https:\/\/www.tpower.com.br\/site\/wp-content\/uploads\/2026\/04\/IMG_0358-1100x483.jpeg 1100w, https:\/\/www.tpower.com.br\/site\/wp-content\/uploads\/2026\/04\/IMG_0358-600x263.jpeg 600w, https:\/\/www.tpower.com.br\/site\/wp-content\/uploads\/2026\/04\/IMG_0358-20x9.jpeg 20w, https:\/\/www.tpower.com.br\/site\/wp-content\/uploads\/2026\/04\/IMG_0358.jpeg 1125w\" sizes=\"(max-width: 533px) 100vw, 533px\" \/><\/a><\/p>\n","protected":false},"excerpt":{"rendered":"<p>Faleceu aos 53 anos Nilda Alves Netto, filha da Sra. In\u00eas do Mandaguari. O sepultamento ser\u00e1 realizado neste s\u00e1bado (25\/04), em Paragua\u00e7u (MG), \u00e0s 13h, saindo o f\u00e9retro do Vel\u00f3rio Municipal de Paragua\u00e7u (MG), onde o corpo ser\u00e1 velado a partir das 10h.<\/p>\n","protected":false},"author":1,"featured_media":21458,"comment_status":"closed","ping_status":"open","sticky":false,"template":"","format":"standard","meta":{"footnotes":""},"categories":[500,56],"tags":[],"_links":{"self":[{"href":"https:\/\/www.tpower.com.br\/site\/wp-json\/wp\/v2\/posts\/21456"}],"collection":[{"href":"https:\/\/www.tpower.com.br\/site\/wp-json\/wp\/v2\/posts"}],"about":[{"href":"https:\/\/www.tpower.com.br\/site\/wp-json\/wp\/v2\/types\/post"}],"author":[{"embeddable":true,"href":"https:\/\/www.tpower.com.br\/site\/wp-json\/wp\/v2\/users\/1"}],"replies":[{"embeddable":true,"href":"https:\/\/www.tpower.com.br\/site\/wp-json\/wp\/v2\/comments?post=21456"}],"version-history":[{"count":1,"href":"https:\/\/www.tpower.com.br\/site\/wp-json\/wp\/v2\/posts\/21456\/revisions"}],"predecessor-version":[{"id":21461,"href":"https:\/\/www.tpower.com.br\/site\/wp-json\/wp\/v2\/posts\/21456\/revisions\/21461"}],"wp:featuredmedia":[{"embeddable":true,"href":"https:\/\/www.tpower.com.br\/site\/wp-json\/wp\/v2\/media\/21458"}],"wp:attachment":[{"href":"https:\/\/www.tpower.com.br\/site\/wp-json\/wp\/v2\/media?parent=21456"}],"wp:term":[{"taxonomy":"category","embeddable":true,"href":"https:\/\/www.tpower.com.br\/site\/wp-json\/wp\/v2\/categories?post=21456"},{"taxonomy":"post_tag","embeddable":true,"href":"https:\/\/www.tpower.com.br\/site\/wp-json\/wp\/v2\/tags?post=21456"}],"curies":[{"name":"wp","href":"https:\/\/api.w.org\/{rel}","templated":true}]}}