{"id":21469,"date":"2026-04-26T10:42:22","date_gmt":"2026-04-26T13:42:22","guid":{"rendered":"https:\/\/www.tpower.com.br\/site\/?p=21469"},"modified":"2026-04-27T10:46:56","modified_gmt":"2026-04-27T13:46:56","slug":"acidente-na-mg-179-deixa-tres-feridos-entre-alfenas-e-machado","status":"publish","type":"post","link":"https:\/\/www.tpower.com.br\/site\/acidente-na-mg-179-deixa-tres-feridos-entre-alfenas-e-machado\/","title":{"rendered":"Acidente na MG-179 deixa tr\u00eas feridos entre Alfenas e Machado"},"content":{"rendered":"<p>Um acidente de tr\u00e2nsito registrado na noite deste domingo (26) deixou tr\u00eas pessoas feridas na MG-179, na regi\u00e3o do bairro Caianas, entre Alfenas e Machado.<\/p>\n<p>Conforme apurado, uma carreta tombou na rodovia e, na sequ\u00eancia, um ve\u00edculo colidiu contra a ca\u00e7amba basculante do caminh\u00e3o. Com o impacto, o tr\u00e2nsito no trecho precisou ser interditado.<\/p>\n<p>As tr\u00eas v\u00edtimas sofreram ferimentos leves e foram encaminhadas para atendimento no Hospital Universit\u00e1rio Alzira Velano, em Alfenas.<\/p>\n<p>O atendimento da ocorr\u00eancia contou com equipes do Samu e do Corpo de Bombeiros.<\/p>\n<p>tpower &#8211; @portaltpower<br \/>\nConectado na not\u00edcia!<\/p>\n","protected":false},"excerpt":{"rendered":"<p>Um acidente de tr\u00e2nsito registrado na noite deste domingo (26) deixou tr\u00eas pessoas feridas na MG-179, na regi\u00e3o do bairro Caianas, entre Alfenas e Machado. Conforme apurado, uma carreta tombou na rodovia e, na sequ\u00eancia, um ve\u00edculo colidiu contra a ca\u00e7amba basculante do caminh\u00e3o. Com o impacto, o tr\u00e2nsito no trecho precisou ser interditado. As [&hellip;]<\/p>\n","protected":false},"author":1,"featured_media":21470,"comment_status":"closed","ping_status":"open","sticky":false,"template":"","format":"standard","meta":{"footnotes":""},"categories":[47],"tags":[],"_links":{"self":[{"href":"https:\/\/www.tpower.com.br\/site\/wp-json\/wp\/v2\/posts\/21469"}],"collection":[{"href":"https:\/\/www.tpower.com.br\/site\/wp-json\/wp\/v2\/posts"}],"about":[{"href":"https:\/\/www.tpower.com.br\/site\/wp-json\/wp\/v2\/types\/post"}],"author":[{"embeddable":true,"href":"https:\/\/www.tpower.com.br\/site\/wp-json\/wp\/v2\/users\/1"}],"replies":[{"embeddable":true,"href":"https:\/\/www.tpower.com.br\/site\/wp-json\/wp\/v2\/comments?post=21469"}],"version-history":[{"count":1,"href":"https:\/\/www.tpower.com.br\/site\/wp-json\/wp\/v2\/posts\/21469\/revisions"}],"predecessor-version":[{"id":21471,"href":"https:\/\/www.tpower.com.br\/site\/wp-json\/wp\/v2\/posts\/21469\/revisions\/21471"}],"wp:featuredmedia":[{"embeddable":true,"href":"https:\/\/www.tpower.com.br\/site\/wp-json\/wp\/v2\/media\/21470"}],"wp:attachment":[{"href":"https:\/\/www.tpower.com.br\/site\/wp-json\/wp\/v2\/media?parent=21469"}],"wp:term":[{"taxonomy":"category","embeddable":true,"href":"https:\/\/www.tpower.com.br\/site\/wp-json\/wp\/v2\/categories?post=21469"},{"taxonomy":"post_tag","embeddable":true,"href":"https:\/\/www.tpower.com.br\/site\/wp-json\/wp\/v2\/tags?post=21469"}],"curies":[{"name":"wp","href":"https:\/\/api.w.org\/{rel}","templated":true}]}}