{"id":21475,"date":"2026-04-27T10:50:23","date_gmt":"2026-04-27T13:50:23","guid":{"rendered":"https:\/\/www.tpower.com.br\/site\/?p=21475"},"modified":"2026-04-27T10:50:23","modified_gmt":"2026-04-27T13:50:23","slug":"homem-que-matou-a-mae-a-pauladas-e-preso-no-sul-de-minas","status":"publish","type":"post","link":"https:\/\/www.tpower.com.br\/site\/homem-que-matou-a-mae-a-pauladas-e-preso-no-sul-de-minas\/","title":{"rendered":"Homem que matou a m\u00e3e a pauladas \u00e9 preso no Sul de Minas"},"content":{"rendered":"<p>Um homem de 38 anos, procurado por homic\u00eddio, foi preso pela Pol\u00edcia Rodovi\u00e1ria Federal na tarde deste domingo (26) durante fiscaliza\u00e7\u00e3o no km 844 da BR-381, em S\u00e3o Sebasti\u00e3o da Bela Vista, no Sul de Minas. Ele estava em um \u00f4nibus que fazia a linha Itaberaba (BA) \u2013 S\u00e3o Paulo (SP).<\/p>\n<p>Conforme a PRF, o coletivo seguia no sentido S\u00e3o Paulo quando foi abordado. Durante a checagem dos passageiros, os policiais identificaram que um dos ocupantes tinha mandado de pris\u00e3o em aberto expedido pela Justi\u00e7a da Bahia.<\/p>\n<p>De acordo com o boletim de ocorr\u00eancia da Pol\u00edcia Civil da Bahia, o crime ocorreu no s\u00e1bado (25), em Boa Vista do Tupim (BA). A v\u00edtima, uma mulher de 65 anos, foi morta a pauladas pelo pr\u00f3prio filho ap\u00f3s um confronto familiar.<\/p>\n<p>Ainda conforme os registros, testemunhas relataram que o homem tamb\u00e9m \u00e9 suspeito de abusar sexualmente de uma sobrinha de 11 anos. A situa\u00e7\u00e3o teria sido descoberta pela m\u00e3e, que o confrontou antes de ser assassinada.<\/p>\n<p>Ap\u00f3s a abordagem, o suspeito recebeu voz de pris\u00e3o e foi encaminhado para a Delegacia da Pol\u00edcia Civil em Pouso Alegre (MG), onde permaneceu \u00e0 disposi\u00e7\u00e3o da Justi\u00e7a.<\/p>\n<p>tpower &#8211; @portaltpower<br \/>\nConectado na not\u00edcia!<\/p>\n","protected":false},"excerpt":{"rendered":"<p>Um homem de 38 anos, procurado por homic\u00eddio, foi preso pela Pol\u00edcia Rodovi\u00e1ria Federal na tarde deste domingo (26) durante fiscaliza\u00e7\u00e3o no km 844 da BR-381, em S\u00e3o Sebasti\u00e3o da Bela Vista, no Sul de Minas. Ele estava em um \u00f4nibus que fazia a linha Itaberaba (BA) \u2013 S\u00e3o Paulo (SP). Conforme a PRF, o [&hellip;]<\/p>\n","protected":false},"author":1,"featured_media":21476,"comment_status":"closed","ping_status":"open","sticky":false,"template":"","format":"standard","meta":{"footnotes":""},"categories":[47],"tags":[],"_links":{"self":[{"href":"https:\/\/www.tpower.com.br\/site\/wp-json\/wp\/v2\/posts\/21475"}],"collection":[{"href":"https:\/\/www.tpower.com.br\/site\/wp-json\/wp\/v2\/posts"}],"about":[{"href":"https:\/\/www.tpower.com.br\/site\/wp-json\/wp\/v2\/types\/post"}],"author":[{"embeddable":true,"href":"https:\/\/www.tpower.com.br\/site\/wp-json\/wp\/v2\/users\/1"}],"replies":[{"embeddable":true,"href":"https:\/\/www.tpower.com.br\/site\/wp-json\/wp\/v2\/comments?post=21475"}],"version-history":[{"count":1,"href":"https:\/\/www.tpower.com.br\/site\/wp-json\/wp\/v2\/posts\/21475\/revisions"}],"predecessor-version":[{"id":21477,"href":"https:\/\/www.tpower.com.br\/site\/wp-json\/wp\/v2\/posts\/21475\/revisions\/21477"}],"wp:featuredmedia":[{"embeddable":true,"href":"https:\/\/www.tpower.com.br\/site\/wp-json\/wp\/v2\/media\/21476"}],"wp:attachment":[{"href":"https:\/\/www.tpower.com.br\/site\/wp-json\/wp\/v2\/media?parent=21475"}],"wp:term":[{"taxonomy":"category","embeddable":true,"href":"https:\/\/www.tpower.com.br\/site\/wp-json\/wp\/v2\/categories?post=21475"},{"taxonomy":"post_tag","embeddable":true,"href":"https:\/\/www.tpower.com.br\/site\/wp-json\/wp\/v2\/tags?post=21475"}],"curies":[{"name":"wp","href":"https:\/\/api.w.org\/{rel}","templated":true}]}}