{"id":21492,"date":"2026-04-29T17:47:04","date_gmt":"2026-04-29T20:47:04","guid":{"rendered":"https:\/\/www.tpower.com.br\/site\/?p=21492"},"modified":"2026-04-29T17:47:04","modified_gmt":"2026-04-29T20:47:04","slug":"operacao-integrada-prende-suspeito-e-apreende-drogas-em-guaxupe","status":"publish","type":"post","link":"https:\/\/www.tpower.com.br\/site\/operacao-integrada-prende-suspeito-e-apreende-drogas-em-guaxupe\/","title":{"rendered":"Opera\u00e7\u00e3o integrada prende suspeito e apreende drogas em Guaxup\u00e9"},"content":{"rendered":"<p>Um homem de 29 anos foi preso em flagrante durante uma opera\u00e7\u00e3o integrada das for\u00e7as de seguran\u00e7a realizada nesta quarta-feira (29), em Guaxup\u00e9 (MG). A a\u00e7\u00e3o teve como alvo o combate ao tr\u00e1fico de drogas e crimes relacionados, com cumprimento de quatro mandados de busca e apreens\u00e3o no bairro Vila Bonfim.<\/p>\n<p>De acordo com a Pol\u00edcia Civil de Minas Gerais, que coordenou a opera\u00e7\u00e3o com apoio da Pol\u00edcia Militar de Minas Gerais e da Pol\u00edcia Penal de Minas Gerais, as dilig\u00eancias resultaram na apreens\u00e3o de coca\u00edna, maconha e ecstasy, parte j\u00e1 fracionada para venda. Tamb\u00e9m foram encontrados balan\u00e7a de precis\u00e3o, m\u00e1quina de cart\u00e3o, cinco celulares, anota\u00e7\u00f5es relacionadas \u00e0 atividade criminosa, materiais para embalo de drogas e cerca de R$ 800 em dinheiro.<\/p>\n<p>Ao todo, a opera\u00e7\u00e3o mobilizou 36 agentes das for\u00e7as estaduais, incluindo apoio especializado da ROCCA, com c\u00e3o farejador, e do COMAVE, com suporte a\u00e9reo.<\/p>\n<p>Segundo o delegado Gabriel Belchior Jo\u00e3o, respons\u00e1vel pela investiga\u00e7\u00e3o, a a\u00e7\u00e3o integrada refor\u00e7a a efici\u00eancia do trabalho conjunto no enfrentamento ao tr\u00e1fico. J\u00e1 o tenente Batista destacou que a uni\u00e3o das for\u00e7as amplia a capacidade operacional no combate \u00e0 criminalidade. O diretor da 18\u00aa Regi\u00e3o da Pol\u00edcia Penal, Francisco Neto, afirmou que a coopera\u00e7\u00e3o entre os \u00f3rg\u00e3os representa uma estrat\u00e9gia importante na seguran\u00e7a p\u00fablica.<\/p>\n<p>tpower &#8211; @portaltpower<br \/>\nConectado na not\u00edcia!<\/p>\n","protected":false},"excerpt":{"rendered":"<p>Um homem de 29 anos foi preso em flagrante durante uma opera\u00e7\u00e3o integrada das for\u00e7as de seguran\u00e7a realizada nesta quarta-feira (29), em Guaxup\u00e9 (MG). A a\u00e7\u00e3o teve como alvo o combate ao tr\u00e1fico de drogas e crimes relacionados, com cumprimento de quatro mandados de busca e apreens\u00e3o no bairro Vila Bonfim. De acordo com a [&hellip;]<\/p>\n","protected":false},"author":1,"featured_media":21493,"comment_status":"closed","ping_status":"open","sticky":false,"template":"","format":"standard","meta":{"footnotes":""},"categories":[47],"tags":[],"_links":{"self":[{"href":"https:\/\/www.tpower.com.br\/site\/wp-json\/wp\/v2\/posts\/21492"}],"collection":[{"href":"https:\/\/www.tpower.com.br\/site\/wp-json\/wp\/v2\/posts"}],"about":[{"href":"https:\/\/www.tpower.com.br\/site\/wp-json\/wp\/v2\/types\/post"}],"author":[{"embeddable":true,"href":"https:\/\/www.tpower.com.br\/site\/wp-json\/wp\/v2\/users\/1"}],"replies":[{"embeddable":true,"href":"https:\/\/www.tpower.com.br\/site\/wp-json\/wp\/v2\/comments?post=21492"}],"version-history":[{"count":1,"href":"https:\/\/www.tpower.com.br\/site\/wp-json\/wp\/v2\/posts\/21492\/revisions"}],"predecessor-version":[{"id":21494,"href":"https:\/\/www.tpower.com.br\/site\/wp-json\/wp\/v2\/posts\/21492\/revisions\/21494"}],"wp:featuredmedia":[{"embeddable":true,"href":"https:\/\/www.tpower.com.br\/site\/wp-json\/wp\/v2\/media\/21493"}],"wp:attachment":[{"href":"https:\/\/www.tpower.com.br\/site\/wp-json\/wp\/v2\/media?parent=21492"}],"wp:term":[{"taxonomy":"category","embeddable":true,"href":"https:\/\/www.tpower.com.br\/site\/wp-json\/wp\/v2\/categories?post=21492"},{"taxonomy":"post_tag","embeddable":true,"href":"https:\/\/www.tpower.com.br\/site\/wp-json\/wp\/v2\/tags?post=21492"}],"curies":[{"name":"wp","href":"https:\/\/api.w.org\/{rel}","templated":true}]}}