{"id":21495,"date":"2026-04-29T17:47:59","date_gmt":"2026-04-29T20:47:59","guid":{"rendered":"https:\/\/www.tpower.com.br\/site\/?p=21495"},"modified":"2026-04-29T17:47:59","modified_gmt":"2026-04-29T20:47:59","slug":"juri-de-padrasto-acusado-de-matar-menino-de-3-anos-e-realizado-em-varginha","status":"publish","type":"post","link":"https:\/\/www.tpower.com.br\/site\/juri-de-padrasto-acusado-de-matar-menino-de-3-anos-e-realizado-em-varginha\/","title":{"rendered":"J\u00fari de padrasto acusado de matar menino de 3 anos \u00e9 realizado em Varginha"},"content":{"rendered":"<p>O Tribunal do J\u00fari de Varginha (MG) realiza, nesta quarta-feira (29), o julgamento do homem acusado de matar o menino Davi Miranda Totti, de 3 anos. Leonardo Jos\u00e9 Cardoso Azevedo Capit\u00e2neo, padrasto da crian\u00e7a, responde pelos crimes de homic\u00eddio qualificado e tortura. A sess\u00e3o teve in\u00edcio por volta das 9h30, na 2\u00aa Vara Criminal e da Inf\u00e2ncia e da Juventude do f\u00f3rum da cidade.<\/p>\n<p>O caso ganhou repercuss\u00e3o ap\u00f3s a crian\u00e7a dar entrada em uma unidade de sa\u00fade no dia 25 de fevereiro de 2025, com diversos sinais de viol\u00eancia. Davi ficou internado por 14 dias no Hospital Regional de Varginha, mas n\u00e3o resistiu aos ferimentos.<\/p>\n<p>O caso veio \u00e0 tona ap\u00f3s uma m\u00e9dica plantonista acionar a Pol\u00edcia Militar ao perceber que a crian\u00e7a apresentava diversos ferimentos pelo corpo, incluindo hematomas, les\u00f5es no couro cabeludo, mordidas no ombro e no rosto, al\u00e9m de sinais de poss\u00edvel traumatismo craniano.<\/p>\n<p>A m\u00e3e relatou que havia deixado o filho com o padrasto enquanto estava na igreja e, ao retornar, encontrou a crian\u00e7a desacordada. J\u00e1 o acusado afirmou que apenas colocou o menino para dormir e negou qualquer agress\u00e3o.<\/p>\n<p>tpower &#8211; @portaltpower<br \/>\nConectado na not\u00edcia!<\/p>\n","protected":false},"excerpt":{"rendered":"<p>O Tribunal do J\u00fari de Varginha (MG) realiza, nesta quarta-feira (29), o julgamento do homem acusado de matar o menino Davi Miranda Totti, de 3 anos. Leonardo Jos\u00e9 Cardoso Azevedo Capit\u00e2neo, padrasto da crian\u00e7a, responde pelos crimes de homic\u00eddio qualificado e tortura. A sess\u00e3o teve in\u00edcio por volta das 9h30, na 2\u00aa Vara Criminal e [&hellip;]<\/p>\n","protected":false},"author":1,"featured_media":21496,"comment_status":"closed","ping_status":"open","sticky":false,"template":"","format":"standard","meta":{"footnotes":""},"categories":[47],"tags":[],"_links":{"self":[{"href":"https:\/\/www.tpower.com.br\/site\/wp-json\/wp\/v2\/posts\/21495"}],"collection":[{"href":"https:\/\/www.tpower.com.br\/site\/wp-json\/wp\/v2\/posts"}],"about":[{"href":"https:\/\/www.tpower.com.br\/site\/wp-json\/wp\/v2\/types\/post"}],"author":[{"embeddable":true,"href":"https:\/\/www.tpower.com.br\/site\/wp-json\/wp\/v2\/users\/1"}],"replies":[{"embeddable":true,"href":"https:\/\/www.tpower.com.br\/site\/wp-json\/wp\/v2\/comments?post=21495"}],"version-history":[{"count":1,"href":"https:\/\/www.tpower.com.br\/site\/wp-json\/wp\/v2\/posts\/21495\/revisions"}],"predecessor-version":[{"id":21497,"href":"https:\/\/www.tpower.com.br\/site\/wp-json\/wp\/v2\/posts\/21495\/revisions\/21497"}],"wp:featuredmedia":[{"embeddable":true,"href":"https:\/\/www.tpower.com.br\/site\/wp-json\/wp\/v2\/media\/21496"}],"wp:attachment":[{"href":"https:\/\/www.tpower.com.br\/site\/wp-json\/wp\/v2\/media?parent=21495"}],"wp:term":[{"taxonomy":"category","embeddable":true,"href":"https:\/\/www.tpower.com.br\/site\/wp-json\/wp\/v2\/categories?post=21495"},{"taxonomy":"post_tag","embeddable":true,"href":"https:\/\/www.tpower.com.br\/site\/wp-json\/wp\/v2\/tags?post=21495"}],"curies":[{"name":"wp","href":"https:\/\/api.w.org\/{rel}","templated":true}]}}