{"id":21498,"date":"2026-04-29T17:50:29","date_gmt":"2026-04-29T20:50:29","guid":{"rendered":"https:\/\/www.tpower.com.br\/site\/?p=21498"},"modified":"2026-04-29T17:50:29","modified_gmt":"2026-04-29T20:50:29","slug":"operacao-da-policia-civil-prende-7-suspeitos-por-homicidio-em-machado","status":"publish","type":"post","link":"https:\/\/www.tpower.com.br\/site\/operacao-da-policia-civil-prende-7-suspeitos-por-homicidio-em-machado\/","title":{"rendered":"Opera\u00e7\u00e3o da Pol\u00edcia Civil prende 7 suspeitos por homic\u00eddio em Machado"},"content":{"rendered":"<p>A Pol\u00edcia Civil de Minas Gerais deflagrou, \u00e0s 06h00 desta quarta-feira (29), a Opera\u00e7\u00e3o R\u00e9quiem no munic\u00edpio de Machado (MG), com o objetivo de cumprir mandados judiciais ligados \u00e0 investiga\u00e7\u00e3o de um homic\u00eddio ocorrido na madrugada de s\u00e1bado (29 de mar\u00e7o), no bairro Santa Luiza. A v\u00edtima, Juliano Pereira, foi agredida por v\u00e1rios indiv\u00edduos at\u00e9 a morte.<\/p>\n<p>De acordo com as investiga\u00e7\u00f5es, um dos suspeitos j\u00e1 havia sido preso em flagrante pela Pol\u00edcia Militar no dia do crime. Com o avan\u00e7o das dilig\u00eancias conduzidas pela Pol\u00edcia Civil de Machado, outros envolvidos foram identificados, o que fundamentou a solicita\u00e7\u00e3o de medidas cautelares junto ao Poder Judici\u00e1rio.<\/p>\n<p>Durante a opera\u00e7\u00e3o, sete adultos foram presos, sendo quatro homens e tr\u00eas mulheres, todos investigados por suspeita de participa\u00e7\u00e3o no homic\u00eddio. Tamb\u00e9m foram cumpridos nove mandados de busca e apreens\u00e3o, resultando na apreens\u00e3o de aparelhos celulares, vestimentas de interesse investigativo e por\u00e7\u00f5es de subst\u00e2ncia semelhante \u00e0 maconha.<\/p>\n<p>Ao longo do dia, um adolescente de 17 anos tamb\u00e9m foi apreendido em cumprimento a mandado judicial, al\u00e9m da realiza\u00e7\u00e3o de uma nova busca e apreens\u00e3o em resid\u00eancia.<\/p>\n<p>A a\u00e7\u00e3o contou com a participa\u00e7\u00e3o de 35 policiais civis e 10 viaturas, reunindo equipes da Delegacia de Pol\u00edcia Civil de Machado e de munic\u00edpios da regional de Alfenas. Os presos foram encaminhados ao sistema prisional e permanecem \u00e0 disposi\u00e7\u00e3o da Justi\u00e7a. O adolescente foi levado ao Centro Socioeducativo de Alfenas. As investiga\u00e7\u00f5es continuam para o completo esclarecimento do caso.<\/p>\n<p>tpower &#8211; @portaltpower<br \/>\nConectado na not\u00edcia!<\/p>\n","protected":false},"excerpt":{"rendered":"<p>A Pol\u00edcia Civil de Minas Gerais deflagrou, \u00e0s 06h00 desta quarta-feira (29), a Opera\u00e7\u00e3o R\u00e9quiem no munic\u00edpio de Machado (MG), com o objetivo de cumprir mandados judiciais ligados \u00e0 investiga\u00e7\u00e3o de um homic\u00eddio ocorrido na madrugada de s\u00e1bado (29 de mar\u00e7o), no bairro Santa Luiza. A v\u00edtima, Juliano Pereira, foi agredida por v\u00e1rios indiv\u00edduos at\u00e9 [&hellip;]<\/p>\n","protected":false},"author":1,"featured_media":21499,"comment_status":"closed","ping_status":"open","sticky":false,"template":"","format":"standard","meta":{"footnotes":""},"categories":[47],"tags":[],"_links":{"self":[{"href":"https:\/\/www.tpower.com.br\/site\/wp-json\/wp\/v2\/posts\/21498"}],"collection":[{"href":"https:\/\/www.tpower.com.br\/site\/wp-json\/wp\/v2\/posts"}],"about":[{"href":"https:\/\/www.tpower.com.br\/site\/wp-json\/wp\/v2\/types\/post"}],"author":[{"embeddable":true,"href":"https:\/\/www.tpower.com.br\/site\/wp-json\/wp\/v2\/users\/1"}],"replies":[{"embeddable":true,"href":"https:\/\/www.tpower.com.br\/site\/wp-json\/wp\/v2\/comments?post=21498"}],"version-history":[{"count":1,"href":"https:\/\/www.tpower.com.br\/site\/wp-json\/wp\/v2\/posts\/21498\/revisions"}],"predecessor-version":[{"id":21500,"href":"https:\/\/www.tpower.com.br\/site\/wp-json\/wp\/v2\/posts\/21498\/revisions\/21500"}],"wp:featuredmedia":[{"embeddable":true,"href":"https:\/\/www.tpower.com.br\/site\/wp-json\/wp\/v2\/media\/21499"}],"wp:attachment":[{"href":"https:\/\/www.tpower.com.br\/site\/wp-json\/wp\/v2\/media?parent=21498"}],"wp:term":[{"taxonomy":"category","embeddable":true,"href":"https:\/\/www.tpower.com.br\/site\/wp-json\/wp\/v2\/categories?post=21498"},{"taxonomy":"post_tag","embeddable":true,"href":"https:\/\/www.tpower.com.br\/site\/wp-json\/wp\/v2\/tags?post=21498"}],"curies":[{"name":"wp","href":"https:\/\/api.w.org\/{rel}","templated":true}]}}