{"id":21516,"date":"2026-04-30T23:29:32","date_gmt":"2026-05-01T02:29:32","guid":{"rendered":"https:\/\/www.tpower.com.br\/site\/?p=21516"},"modified":"2026-04-30T23:29:32","modified_gmt":"2026-05-01T02:29:32","slug":"faleceu-aos-81-anos-edmur-silva-azevedo","status":"publish","type":"post","link":"https:\/\/www.tpower.com.br\/site\/faleceu-aos-81-anos-edmur-silva-azevedo\/","title":{"rendered":"Faleceu aos 81 anos Edmur Silva Azevedo"},"content":{"rendered":"<p>Faleceu aos 81 anos Edmur Silva Azevedo. O sepultamento ser\u00e1 realizado nesta sexta-feira (01), em Paragua\u00e7u, \u00e0s 11h, saindo o f\u00e9retro do Vel\u00f3rio Municipal de Paragua\u00e7u, onde o corpo ser\u00e1 velado a partir das 09h.<\/p>\n<p><a href=\"https:\/\/www.instagram.com\/thiutec?igsh=MXZ5eXU2ZHhmOWhrMA%3D%3D&amp;utm_source=qr\"><img fetchpriority=\"high\" decoding=\"async\" class=\"alignnone size-medium wp-image-21460 lazyload\" src=\"data:image\/gif;base64,R0lGODlhAQABAAAAACH5BAEKAAEALAAAAAABAAEAAAICTAEAOw==\" data-src=\"https:\/\/www.tpower.com.br\/site\/wp-content\/uploads\/2026\/04\/IMG_0358-533x234.jpeg\" alt=\"\" width=\"533\" height=\"234\" data-sizes=\"auto\" data-srcset=\"https:\/\/www.tpower.com.br\/site\/wp-content\/uploads\/2026\/04\/IMG_0358-533x234.jpeg 533w, https:\/\/www.tpower.com.br\/site\/wp-content\/uploads\/2026\/04\/IMG_0358-1080x474.jpeg 1080w, https:\/\/www.tpower.com.br\/site\/wp-content\/uploads\/2026\/04\/IMG_0358-768x337.jpeg 768w, https:\/\/www.tpower.com.br\/site\/wp-content\/uploads\/2026\/04\/IMG_0358-1100x483.jpeg 1100w, https:\/\/www.tpower.com.br\/site\/wp-content\/uploads\/2026\/04\/IMG_0358-600x263.jpeg 600w, https:\/\/www.tpower.com.br\/site\/wp-content\/uploads\/2026\/04\/IMG_0358-20x9.jpeg 20w, https:\/\/www.tpower.com.br\/site\/wp-content\/uploads\/2026\/04\/IMG_0358.jpeg 1125w\" sizes=\"(max-width: 533px) 100vw, 533px\" \/><\/a><\/p>\n<p>tpower &#8211; @portaltpower<br \/>\nConectado na not\u00edcia!<\/p>\n","protected":false},"excerpt":{"rendered":"<p>Faleceu aos 81 anos Edmur Silva Azevedo. O sepultamento ser\u00e1 realizado nesta sexta-feira (01), em Paragua\u00e7u, \u00e0s 11h, saindo o f\u00e9retro do Vel\u00f3rio Municipal de Paragua\u00e7u, onde o corpo ser\u00e1 velado a partir das 09h. tpower &#8211; @portaltpower Conectado na not\u00edcia!<\/p>\n","protected":false},"author":1,"featured_media":21517,"comment_status":"closed","ping_status":"open","sticky":false,"template":"","format":"standard","meta":{"footnotes":""},"categories":[500,56],"tags":[],"_links":{"self":[{"href":"https:\/\/www.tpower.com.br\/site\/wp-json\/wp\/v2\/posts\/21516"}],"collection":[{"href":"https:\/\/www.tpower.com.br\/site\/wp-json\/wp\/v2\/posts"}],"about":[{"href":"https:\/\/www.tpower.com.br\/site\/wp-json\/wp\/v2\/types\/post"}],"author":[{"embeddable":true,"href":"https:\/\/www.tpower.com.br\/site\/wp-json\/wp\/v2\/users\/1"}],"replies":[{"embeddable":true,"href":"https:\/\/www.tpower.com.br\/site\/wp-json\/wp\/v2\/comments?post=21516"}],"version-history":[{"count":1,"href":"https:\/\/www.tpower.com.br\/site\/wp-json\/wp\/v2\/posts\/21516\/revisions"}],"predecessor-version":[{"id":21518,"href":"https:\/\/www.tpower.com.br\/site\/wp-json\/wp\/v2\/posts\/21516\/revisions\/21518"}],"wp:featuredmedia":[{"embeddable":true,"href":"https:\/\/www.tpower.com.br\/site\/wp-json\/wp\/v2\/media\/21517"}],"wp:attachment":[{"href":"https:\/\/www.tpower.com.br\/site\/wp-json\/wp\/v2\/media?parent=21516"}],"wp:term":[{"taxonomy":"category","embeddable":true,"href":"https:\/\/www.tpower.com.br\/site\/wp-json\/wp\/v2\/categories?post=21516"},{"taxonomy":"post_tag","embeddable":true,"href":"https:\/\/www.tpower.com.br\/site\/wp-json\/wp\/v2\/tags?post=21516"}],"curies":[{"name":"wp","href":"https:\/\/api.w.org\/{rel}","templated":true}]}}